{"id":1196,"date":"2022-11-30T14:10:53","date_gmt":"2022-11-30T14:10:53","guid":{"rendered":"https:\/\/visitalta.no\/en\/?post_type=article&#038;p=1196"},"modified":"2025-09-03T08:57:58","modified_gmt":"2025-09-03T08:57:58","slug":"events-and-festivals-in-alta","status":"publish","type":"article","link":"https:\/\/visitalta.no\/en\/article\/events-and-festivals-in-alta\/","title":{"rendered":"Events and festivals in Alta"},"content":{"rendered":"\n\t\t<div class=\"wp-block-vnn-ingress\">\n\t\t\t<div class=\"vnn__ingress\">\n\t\t\t\tDuring the year, many events that bring together the local population in Alta takes place. Also, people travel far to experience what is happening in Alta.\n\t\t\t<\/div>\n\t\t\t\n\t\t<\/div>\n\n\n<p>In March every year, the city of Northern Lights is filled with dogs, mushers and handlers. Finnmarksl\u00f8pet is Europe&#8217;s longest dog sled race, and even for experienced dog sledders this is a tough challenge. The race consists of several distances; 600 km, 1200 km and 200 km (junior). If you are in Alta during the Finnmarksl\u00f8pet, it is absolutely recommended that you enjoy the start or finish in the pedestrian street of one of the distances. The Finnmark Race 2023 starts on Friday 10th of March and the finish line takes place during the following week.<\/p>\n\n\n\t<div class=\"wp-block-vnn-gallery gallery-count-3\">\n\t\t<ul><li class=\"blocks-gallery-item\">\t\t\t\t<figure>\n\t\t\t\t\t<a href=\"https:\/\/visitalta.no\/content\/uploads\/2022\/08\/Howling-dogs.DAVINA-MULLER.jpg\" data-size=\"2000x1600\">\n\t\t\t\t\t\t<span class=\"block-gallery-count\">01<\/span><img decoding=\"async\" src=\"https:\/\/visitalta.no\/content\/uploads\/2022\/08\/Howling-dogs.DAVINA-MULLER.jpg\" alt=\"Finnmarksl\u00f8pet ble f\u00f8rste gang arrangert i 1981, da med tre spann p\u00e5 startstreken. Foto: Davina Muller\" data-full-url=\"https:\/\/visitalta.no\/content\/uploads\/2022\/08\/Howling-dogs.DAVINA-MULLER.jpg\" data-caption=\"Finnmarksl\u00f8pet ble f\u00f8rste gang arrangert i 1981, da med tre spann p\u00e5 startstreken. Foto: Davina Muller\" \/>\t\t\t\t\t<\/a>\n\t\t\t\t<\/figure>\n\t\t\t<\/li><li class=\"blocks-gallery-item\">\t\t\t\t<figure>\n\t\t\t\t\t<a href=\"https:\/\/visitalta.no\/content\/uploads\/2022\/08\/sorlie-focus-KJELL-O-BRUN-scaled.jpg\" data-size=\"2560x1706\">\n\t\t\t\t\t\t<span class=\"block-gallery-count\">02<\/span><img decoding=\"async\" src=\"https:\/\/visitalta.no\/content\/uploads\/2022\/08\/sorlie-focus-KJELL-O-BRUN-768x512.jpg\" alt=\"Robert S\u00f8rlie i aksjon. Foto: Kjell O. Brun\" data-full-url=\"https:\/\/visitalta.no\/content\/uploads\/2022\/08\/sorlie-focus-KJELL-O-BRUN-scaled.jpg\" data-caption=\"Robert S\u00f8rlie i aksjon. Foto: Kjell O. Brun\" \/>\t\t\t\t\t<\/a>\n\t\t\t\t<\/figure>\n\t\t\t<\/li><li class=\"blocks-gallery-item\">\t\t\t\t<figure>\n\t\t\t\t\t<a href=\"https:\/\/visitalta.no\/content\/uploads\/2022\/08\/Borealis-Apningsshow-Fotograf-Mads-Suhr-Pettersen-3I0A8725.jpg\" data-size=\"1250x833\">\n\t\t\t\t\t\t<span class=\"block-gallery-count\">03<\/span><img decoding=\"async\" src=\"https:\/\/visitalta.no\/content\/uploads\/2022\/08\/Borealis-Apningsshow-Fotograf-Mads-Suhr-Pettersen-3I0A8725-768x512.jpg\" alt=\"Borealis Vinterfestival sitt \u00e5pningsshow i 2019. Foto: Mads Suhr Pettersen\/Alta kommune\" data-full-url=\"https:\/\/visitalta.no\/content\/uploads\/2022\/08\/Borealis-Apningsshow-Fotograf-Mads-Suhr-Pettersen-3I0A8725.jpg\" data-caption=\"Borealis Vinterfestival sitt \u00e5pningsshow i 2019. Foto: Mads Suhr Pettersen\/Alta kommune\" \/>\t\t\t\t\t<\/a>\n\t\t\t\t<\/figure>\n\t\t\t<\/li><\/ul><div class=\"vnn-gallery-figcaptions\"><figcaption>01: Finnmarksl\u00f8pet ble f\u00f8rste gang arrangert i 1981, da med tre spann p\u00e5 startstreken. Foto: Davina Muller<\/figcaption><figcaption>02: Robert S\u00f8rlie i aksjon. Foto: Kjell O. Brun<\/figcaption><figcaption>03: Borealis Vinterfestival sitt \u00e5pningsshow i 2019. Foto: Mads Suhr Pettersen\/Alta kommune<\/figcaption><\/div>\t<\/div>\n\t\n\n\n<p>At the same time, the Borealis Winter Festival, a snow and ice art festival is organized in the center of Alta. Ice and snow artist Laila Kolostyak is behind the vast majority of decorations and building processes with snow and ice ahead of Borealis. The snow stage of the opening show is an attraction in itself!<\/p>\n\n\n\n<p>In July, it&#8217;s the cyclists&#8217; turn when Offroad Finnmark is held. Offroad Finnmark consists of the three longest and toughest off-road races in Norway. Not only that; OF700 is the longest and toughest off-road race in the world. Under the midnight sun in Europe&#8217;s only wilderness, it is man against nature. Cyclists come from all over the world to face Finnmarksvidda and the whole town gathers for a folk festival.<\/p>\n\n\n\t<div class=\"wp-block-vnn-gallery gallery-count-2\">\n\t\t<ul><li class=\"blocks-gallery-item\">\t\t\t\t<figure>\n\t\t\t\t\t<a href=\"https:\/\/visitalta.no\/content\/uploads\/2022\/06\/MG_53481-scaled.jpg\" data-size=\"2560x1707\">\n\t\t\t\t\t\t<span class=\"block-gallery-count\">01<\/span><img decoding=\"async\" src=\"https:\/\/visitalta.no\/content\/uploads\/2022\/06\/MG_53481-2048x1365.jpg\" alt=\"Over Finnmarksvidda g\u00e5r det gamle traktorspor som er perfekte sykkelspor.Foto: Jon Vidar Bull\" data-full-url=\"https:\/\/visitalta.no\/content\/uploads\/2022\/06\/MG_53481-scaled.jpg\" data-caption=\"Over Finnmarksvidda g\u00e5r det gamle traktorspor som er perfekte sykkelspor.Foto: Jon Vidar Bull\" \/>\t\t\t\t\t<\/a>\n\t\t\t\t<\/figure>\n\t\t\t<\/li><li class=\"blocks-gallery-item\">\t\t\t\t<figure>\n\t\t\t\t\t<a href=\"https:\/\/visitalta.no\/content\/uploads\/2022\/06\/MG_1634-scaled.jpg\" data-size=\"2560x1707\">\n\t\t\t\t\t\t<span class=\"block-gallery-count\">02<\/span><img decoding=\"async\" src=\"https:\/\/visitalta.no\/content\/uploads\/2022\/06\/MG_1634-768x512.jpg\" alt=\"Ivrige syklister over Finnmarksvidda. Foto: Jon Vidar Bull\" data-full-url=\"https:\/\/visitalta.no\/content\/uploads\/2022\/06\/MG_1634-scaled.jpg\" data-caption=\"Ivrige syklister over Finnmarksvidda. Foto: Jon Vidar Bull\" \/>\t\t\t\t\t<\/a>\n\t\t\t\t<\/figure>\n\t\t\t<\/li><\/ul><div class=\"vnn-gallery-figcaptions\"><figcaption>01: Over Finnmarksvidda g\u00e5r det gamle traktorspor som er perfekte sykkelspor.Foto: Jon Vidar Bull<\/figcaption><figcaption>02: Ivrige syklister over Finnmarksvidda. Foto: Jon Vidar Bull<\/figcaption><\/div>\t<\/div>\n\t\n\n\n<p>Alta Live is arranged in August. It all started as a festival in a garden in the district of Aronnes, and over the years Aronnesrocken developed into a larger festival at the sports park. In 2019, the entire event moved to the center of Alta and Alta Live became a reality. In 2022, Astrid S, Vamp and Kjartan Lauritzen were among others on stage.<\/p>\n\n\n\n<p>The Halddemarsjen, a traditional hiking march and downhill race, is also organized on the same weekend. GL\u00d8D Explorer is the prime mover for the march, which starts in K\u00e5fjord &#8211; 15 km south of Alta &#8211; and goes up to the disused northern lights observatory on Halddetoppen, 907 meters above sea level.<\/p>\n\n\n\n<p>Sami language week is organized in week 43 all over the country and then there are many events around Alta, including at the museum and the library. The aim of Sami language week is to raise the status of the Sami languages, and to increase knowledge about Sami language and culture throughout society.<\/p>\n\n\n\n<p>&#8220;Opplev Alta&#8221; is organized 4 weekends a year. This event involves, among other things, a Christmas street opening in November and an autumn hunt in September. In 2022, Sommerfest i Alta was organized under the Opplev Alta event, an event that offered concerts, stand-up and magic shows.<\/p>\n","protected":false},"featured_media":2707,"parent":0,"template":"","meta":{"_acf_changed":false,"_trash_the_other_posts":false,"t2_featured_media_focal_point":{"x":0.5,"y":0.5},"vnn_header_layout":"featured","vnn_header_layout_image_id":2707,"vnn_header_layout_image_focal_point_x":0.5,"vnn_header_layout_image_focal_point_y":0.5,"vnn_header_layout_description":"","vnn_header_layout_url":"","vnn_header_layout_url_text":"","vnn_header_layout_photographer":"","vnn_header_layout_video_id":"","vnn_header_layout_yt_id":"","vnn_header_layout_vimeo_id":"","teft_location_geodata_lat":0,"teft_location_geodata_lng":0,"footnotes":""},"season":[7,6,11,5],"todo":[633],"class_list":["post-1196","article","type-article","status-publish","has-post-thumbnail","hentry","season-fall","season-spring","season-summer","season-winter","todo-inspiration"],"acf":[],"yoast_head":"<!-- This site is optimized with the Yoast SEO Premium plugin v24.5 (Yoast SEO v25.3.1) - https:\/\/yoast.com\/wordpress\/plugins\/seo\/ -->\n<title>Events and festivals in Alta - Visit Alta - English<\/title>\n<meta name=\"robots\" content=\"index, follow, max-snippet:-1, max-image-preview:large, max-video-preview:-1\" \/>\n<link rel=\"canonical\" href=\"https:\/\/visitalta.no\/en\/article\/events-and-festivals-in-alta\/\" \/>\n<meta property=\"og:locale\" content=\"en_US\" \/>\n<meta property=\"og:type\" content=\"article\" \/>\n<meta property=\"og:title\" content=\"Events and festivals in Alta\" \/>\n<meta property=\"og:description\" content=\"In March every year, the city of Northern Lights is filled with dogs, mushers and handlers. Finnmarksl\u00f8pet is Europe&#8217;s longest dog sled race, and even for experienced dog sledders this is a tough challenge. The race consists of several distances; 600 km, 1200 km and 200 km (junior). If you are in Alta during the [&hellip;]\" \/>\n<meta property=\"og:url\" content=\"https:\/\/visitalta.no\/en\/article\/events-and-festivals-in-alta\/\" \/>\n<meta property=\"og:site_name\" content=\"Visit Alta - English\" \/>\n<meta property=\"article:modified_time\" content=\"2025-09-03T08:57:58+00:00\" \/>\n<meta property=\"og:image\" content=\"https:\/\/visitalta.no\/content\/uploads\/2022\/08\/18.jpg\" \/><meta property=\"og:image\" content=\"https:\/\/visitalta.no\/content\/uploads\/2022\/08\/18-1024x683.jpg\" \/>\n<meta name=\"twitter:card\" content=\"summary_large_image\" \/>\n<meta name=\"twitter:image\" content=\"https:\/\/visitalta.no\/content\/uploads\/2022\/08\/18.jpg\" \/>\n<meta name=\"twitter:label1\" content=\"Est. reading time\" \/>\n\t<meta name=\"twitter:data1\" content=\"3 minutes\" \/>\n<script type=\"application\/ld+json\" class=\"yoast-schema-graph\">{\"@context\":\"https:\/\/schema.org\",\"@graph\":[{\"@type\":\"WebPage\",\"@id\":\"https:\/\/visitalta.no\/en\/article\/events-and-festivals-in-alta\/\",\"url\":\"https:\/\/visitalta.no\/en\/article\/events-and-festivals-in-alta\/\",\"name\":\"Events and festivals in Alta - Visit Alta - English\",\"isPartOf\":{\"@id\":\"https:\/\/visitalta.no\/en\/#website\"},\"primaryImageOfPage\":{\"@id\":\"https:\/\/visitalta.no\/en\/article\/events-and-festivals-in-alta\/#primaryimage\"},\"image\":{\"@id\":\"https:\/\/visitalta.no\/en\/article\/events-and-festivals-in-alta\/#primaryimage\"},\"thumbnailUrl\":\"https:\/\/visitalta.no\/content\/uploads\/2022\/08\/18.jpg\",\"datePublished\":\"2022-11-30T14:10:53+00:00\",\"dateModified\":\"2025-09-03T08:57:58+00:00\",\"breadcrumb\":{\"@id\":\"https:\/\/visitalta.no\/en\/article\/events-and-festivals-in-alta\/#breadcrumb\"},\"inLanguage\":\"en-US\",\"potentialAction\":[{\"@type\":\"ReadAction\",\"target\":[\"https:\/\/visitalta.no\/en\/article\/events-and-festivals-in-alta\/\"]}]},{\"@type\":\"ImageObject\",\"inLanguage\":\"en-US\",\"@id\":\"https:\/\/visitalta.no\/en\/article\/events-and-festivals-in-alta\/#primaryimage\",\"url\":\"https:\/\/visitalta.no\/content\/uploads\/2022\/08\/18.jpg\",\"contentUrl\":\"https:\/\/visitalta.no\/content\/uploads\/2022\/08\/18.jpg\"},{\"@type\":\"BreadcrumbList\",\"@id\":\"https:\/\/visitalta.no\/en\/article\/events-and-festivals-in-alta\/#breadcrumb\",\"itemListElement\":[{\"@type\":\"ListItem\",\"position\":1,\"name\":\"Home\",\"item\":\"https:\/\/visitalta.no\/en\/\"},{\"@type\":\"ListItem\",\"position\":2,\"name\":\"Events and festivals in Alta\"}]},{\"@type\":\"WebSite\",\"@id\":\"https:\/\/visitalta.no\/en\/#website\",\"url\":\"https:\/\/visitalta.no\/en\/\",\"name\":\"Visit Alta - English\",\"description\":\"This is Arctic living\",\"potentialAction\":[{\"@type\":\"SearchAction\",\"target\":{\"@type\":\"EntryPoint\",\"urlTemplate\":\"https:\/\/visitalta.no\/en\/?s={search_term_string}\"},\"query-input\":{\"@type\":\"PropertyValueSpecification\",\"valueRequired\":true,\"valueName\":\"search_term_string\"}}],\"inLanguage\":\"en-US\"}]}<\/script>\n<!-- \/ Yoast SEO Premium plugin. -->","yoast_head_json":{"title":"Events and festivals in Alta - Visit Alta - English","robots":{"index":"index","follow":"follow","max-snippet":"max-snippet:-1","max-image-preview":"max-image-preview:large","max-video-preview":"max-video-preview:-1"},"canonical":"https:\/\/visitalta.no\/en\/article\/events-and-festivals-in-alta\/","og_locale":"en_US","og_type":"article","og_title":"Events and festivals in Alta","og_description":"In March every year, the city of Northern Lights is filled with dogs, mushers and handlers. Finnmarksl\u00f8pet is Europe&#8217;s longest dog sled race, and even for experienced dog sledders this is a tough challenge. The race consists of several distances; 600 km, 1200 km and 200 km (junior). If you are in Alta during the [&hellip;]","og_url":"https:\/\/visitalta.no\/en\/article\/events-and-festivals-in-alta\/","og_site_name":"Visit Alta - English","article_modified_time":"2025-09-03T08:57:58+00:00","og_image":[{"url":"https:\/\/visitalta.no\/content\/uploads\/2022\/08\/18.jpg","type":"","width":"","height":""},{"url":"https:\/\/visitalta.no\/content\/uploads\/2022\/08\/18-1024x683.jpg","type":"","width":"","height":""}],"twitter_card":"summary_large_image","twitter_image":"https:\/\/visitalta.no\/content\/uploads\/2022\/08\/18.jpg","twitter_misc":{"Est. reading time":"3 minutes"},"schema":{"@context":"https:\/\/schema.org","@graph":[{"@type":"WebPage","@id":"https:\/\/visitalta.no\/en\/article\/events-and-festivals-in-alta\/","url":"https:\/\/visitalta.no\/en\/article\/events-and-festivals-in-alta\/","name":"Events and festivals in Alta - Visit Alta - English","isPartOf":{"@id":"https:\/\/visitalta.no\/en\/#website"},"primaryImageOfPage":{"@id":"https:\/\/visitalta.no\/en\/article\/events-and-festivals-in-alta\/#primaryimage"},"image":{"@id":"https:\/\/visitalta.no\/en\/article\/events-and-festivals-in-alta\/#primaryimage"},"thumbnailUrl":"https:\/\/visitalta.no\/content\/uploads\/2022\/08\/18.jpg","datePublished":"2022-11-30T14:10:53+00:00","dateModified":"2025-09-03T08:57:58+00:00","breadcrumb":{"@id":"https:\/\/visitalta.no\/en\/article\/events-and-festivals-in-alta\/#breadcrumb"},"inLanguage":"en-US","potentialAction":[{"@type":"ReadAction","target":["https:\/\/visitalta.no\/en\/article\/events-and-festivals-in-alta\/"]}]},{"@type":"ImageObject","inLanguage":"en-US","@id":"https:\/\/visitalta.no\/en\/article\/events-and-festivals-in-alta\/#primaryimage","url":"https:\/\/visitalta.no\/content\/uploads\/2022\/08\/18.jpg","contentUrl":"https:\/\/visitalta.no\/content\/uploads\/2022\/08\/18.jpg"},{"@type":"BreadcrumbList","@id":"https:\/\/visitalta.no\/en\/article\/events-and-festivals-in-alta\/#breadcrumb","itemListElement":[{"@type":"ListItem","position":1,"name":"Home","item":"https:\/\/visitalta.no\/en\/"},{"@type":"ListItem","position":2,"name":"Events and festivals in Alta"}]},{"@type":"WebSite","@id":"https:\/\/visitalta.no\/en\/#website","url":"https:\/\/visitalta.no\/en\/","name":"Visit Alta - English","description":"This is Arctic living","potentialAction":[{"@type":"SearchAction","target":{"@type":"EntryPoint","urlTemplate":"https:\/\/visitalta.no\/en\/?s={search_term_string}"},"query-input":{"@type":"PropertyValueSpecification","valueRequired":true,"valueName":"search_term_string"}}],"inLanguage":"en-US"}]}},"_links":{"self":[{"href":"https:\/\/visitalta.no\/en\/wp-json\/wp\/v2\/article\/1196","targetHints":{"allow":["GET"]}}],"collection":[{"href":"https:\/\/visitalta.no\/en\/wp-json\/wp\/v2\/article"}],"about":[{"href":"https:\/\/visitalta.no\/en\/wp-json\/wp\/v2\/types\/article"}],"version-history":[{"count":3,"href":"https:\/\/visitalta.no\/en\/wp-json\/wp\/v2\/article\/1196\/revisions"}],"predecessor-version":[{"id":2336,"href":"https:\/\/visitalta.no\/en\/wp-json\/wp\/v2\/article\/1196\/revisions\/2336"}],"wp:featuredmedia":[{"embeddable":true,"href":"https:\/\/visitalta.no\/en\/wp-json\/"}],"wp:attachment":[{"href":"https:\/\/visitalta.no\/en\/wp-json\/wp\/v2\/media?parent=1196"}],"wp:term":[{"taxonomy":"season","embeddable":true,"href":"https:\/\/visitalta.no\/en\/wp-json\/wp\/v2\/season?post=1196"},{"taxonomy":"todo","embeddable":true,"href":"https:\/\/visitalta.no\/en\/wp-json\/wp\/v2\/todo?post=1196"}],"curies":[{"name":"wp","href":"https:\/\/api.w.org\/{rel}","templated":true}]}}